{"id":825,"date":"2025-05-30T22:22:13","date_gmt":"2025-05-30T22:22:13","guid":{"rendered":"https:\/\/www.ymcala.org\/2025\/05\/66th-annual-good-friday-breakfast-2025\/"},"modified":"2025-06-26T14:50:21","modified_gmt":"2025-06-26T14:50:21","slug":"66th-annual-good-friday-breakfast-2025","status":"publish","type":"post","link":"https:\/\/www.ymcala.org\/es\/66th-annual-good-friday-breakfast-2025\/","title":{"rendered":"66\u00ba Desayuno anual de Viernes Santo (2025)"},"content":{"rendered":"<p>El viernes 18 de abril celebramos nuestro 66\u00ba Desayuno Anual de Viernes Santo en el Hotel Westin Bonaventure, en el centro de Los \u00c1ngeles. El Desayuno del Viernes Santo es una tradici\u00f3n de la YLA en la que nos reunimos para celebrar la estaci\u00f3n de la renovaci\u00f3n, la esperanza y la unidad. Nos ofrece la oportunidad de hacer una pausa y reflexionar, reuni\u00e9ndonos no s\u00f3lo para honrar la tradici\u00f3n, sino tambi\u00e9n para celebrar la esperanza, la fuerza y la capacidad de recuperaci\u00f3n de nuestra comunidad.<\/p>\n\n\n\n<p>En nuestro desayuno del Viernes Santo, Wendy Gruel, nuestra Presidenta del Consejo de Administraci\u00f3n de la Y de Los \u00c1ngeles, present\u00f3 a nuestro anfitri\u00f3n Dan Guerro, que dirigi\u00f3 nuestro acto y dio la bienvenida a nuestros ponentes.<\/p>\n\n\n\n<figure class=\"wp-block-image size-large\"><img loading=\"lazy\" decoding=\"async\" width=\"1024\" height=\"683\" src=\"https:\/\/www.ymcala.org\/wp-content\/uploads\/2025\/05\/eg86311.jpg-1024x683.webp\" alt=\"\" class=\"wp-image-1652\" srcset=\"https:\/\/www.ymcala.org\/wp-content\/uploads\/2025\/05\/eg86311.jpg-1024x683.webp 1024w, https:\/\/www.ymcala.org\/wp-content\/uploads\/2025\/05\/eg86311.jpg-300x200.webp 300w, https:\/\/www.ymcala.org\/wp-content\/uploads\/2025\/05\/eg86311.jpg-768x512.webp 768w, https:\/\/www.ymcala.org\/wp-content\/uploads\/2025\/05\/eg86311.jpg-1536x1024.webp 1536w, https:\/\/www.ymcala.org\/wp-content\/uploads\/2025\/05\/eg86311.jpg-2048x1365.webp 2048w\" sizes=\"auto, (max-width: 1024px) 100vw, 1024px\" \/><\/figure>\n\n\n\n<p>Nuestra inspiraci\u00f3n Liam Painter, 24\u00ba Secretario General del Modelo de Naciones Unidas de la YMCA Crowell Family, comparti\u00f3 su inspiradora historia. Liam se uni\u00f3 al programa del Modelo de Naciones Unidas de la YMCA, que le brind\u00f3 oportunidades y un sentimiento de pertenencia, promoviendo su crecimiento que, en \u00faltima instancia, transform\u00f3 su vida. Su historia cautiv\u00f3 a todos y sin duda acapar\u00f3 la atenci\u00f3n de la ma\u00f1ana.<\/p>\n\n\n\n<p>Christina Rose, Presidenta y Directora General de Rose Policy Solutions, hizo una lectura edificante del Nuevo Testamento. Comparti\u00f3 un mensaje significativo que capt\u00f3 el esp\u00edritu del Viernes Santo.<\/p>\n\n\n\n<figure class=\"wp-block-image size-large\"><img loading=\"lazy\" decoding=\"async\" width=\"1024\" height=\"683\" src=\"https:\/\/www.ymcala.org\/wp-content\/uploads\/2025\/05\/eg86329.jpg-1024x683.webp\" alt=\"\" class=\"wp-image-1653\" srcset=\"https:\/\/www.ymcala.org\/wp-content\/uploads\/2025\/05\/eg86329.jpg-1024x683.webp 1024w, https:\/\/www.ymcala.org\/wp-content\/uploads\/2025\/05\/eg86329.jpg-300x200.webp 300w, https:\/\/www.ymcala.org\/wp-content\/uploads\/2025\/05\/eg86329.jpg-768x512.webp 768w, https:\/\/www.ymcala.org\/wp-content\/uploads\/2025\/05\/eg86329.jpg-1536x1024.webp 1536w, https:\/\/www.ymcala.org\/wp-content\/uploads\/2025\/05\/eg86329.jpg-2048x1365.webp 2048w\" sizes=\"auto, (max-width: 1024px) 100vw, 1024px\" \/><\/figure>\n\n\n\n<p>Nuestro orador principal, Miguel A. Santana, Presidente y Director General de la California Community Foundation, pronunci\u00f3 un discurso inspirador sobre el poder de trabajar juntos para lograr el mayor impacto y sobre el brillante futuro que podemos construir.<\/p>\n\n\n\n<p>\"Hoy se trata de optimismo y promesas, se trata de mirar hacia un futuro que puede ser dif\u00edcil de ver. Estoy lleno de gratitud, como angelinos estamos unidos por la empat\u00eda, el amor compartido y el compromiso de que los d\u00edas venideros ser\u00e1n mejores.<\/p>\n\n\n\n<p>\"John H. Semcken III pronunci\u00f3 la bendici\u00f3n, gui\u00e1ndonos a todos en un momento colectivo en el que reconocimos el significado del Viernes Santo y de los nuevos comienzos.<\/p>\n\n\n\n<figure class=\"wp-block-image size-large\"><img loading=\"lazy\" decoding=\"async\" width=\"1024\" height=\"683\" src=\"https:\/\/www.ymcala.org\/wp-content\/uploads\/2025\/05\/eg86295.jpg-1024x683.webp\" alt=\"\" class=\"wp-image-1654\" srcset=\"https:\/\/www.ymcala.org\/wp-content\/uploads\/2025\/05\/eg86295.jpg-1024x683.webp 1024w, https:\/\/www.ymcala.org\/wp-content\/uploads\/2025\/05\/eg86295.jpg-300x200.webp 300w, https:\/\/www.ymcala.org\/wp-content\/uploads\/2025\/05\/eg86295.jpg-768x512.webp 768w, https:\/\/www.ymcala.org\/wp-content\/uploads\/2025\/05\/eg86295.jpg-1536x1024.webp 1536w, https:\/\/www.ymcala.org\/wp-content\/uploads\/2025\/05\/eg86295.jpg-2048x1365.webp 2048w\" sizes=\"auto, (max-width: 1024px) 100vw, 1024px\" \/><\/figure>\n\n\n\n<p>Por \u00faltimo, The Sound of LIght ofreci\u00f3 una actuaci\u00f3n final de espect\u00e1culo musical, que cautiv\u00f3 a la sala y uni\u00f3 a todos.<\/p>\n\n\n\n<p>El 66\u00ba Desayuno Anual del Viernes Santo fue un momento de alegr\u00eda y celebraci\u00f3n que nos record\u00f3 la importancia de la comunidad y el impacto que podemos tener cuando todos nos unimos. Brindemos por los nuevos comienzos y por un futuro brillante.<\/p>\n\n\n\n<p>Damos las gracias especialmente a nuestros patrocinadores del evento:<\/p>\n\n\n\n<p>Patrocinador presentador: Parque Memorial Rose Hills<\/p>\n\n\n\n<p>Patrocinadores de la mesa:<br>Fundaci\u00f3n Comunitaria de California<br>Majestic Realty Co.<br>Reyes Coca-Cola Bottling LLC<\/p>\n\n\n\n<p>Suscr\u00edbase hoy mismo a LA Y para recibir m\u00e1s noticias y actualizaciones sobre el impacto que estamos teniendo en Los \u00c1ngeles.<\/p>\n\n\n\n<figure class=\"wp-block-image size-large\"><img loading=\"lazy\" decoding=\"async\" width=\"1024\" height=\"682\" src=\"https:\/\/www.ymcala.org\/wp-content\/uploads\/2025\/05\/gip_3704.jpg-1024x682.webp\" alt=\"\" class=\"wp-image-1656\" srcset=\"https:\/\/www.ymcala.org\/wp-content\/uploads\/2025\/05\/gip_3704.jpg-1024x682.webp 1024w, https:\/\/www.ymcala.org\/wp-content\/uploads\/2025\/05\/gip_3704.jpg-300x200.webp 300w, https:\/\/www.ymcala.org\/wp-content\/uploads\/2025\/05\/gip_3704.jpg-768x512.webp 768w, https:\/\/www.ymcala.org\/wp-content\/uploads\/2025\/05\/gip_3704.jpg-1536x1023.webp 1536w, https:\/\/www.ymcala.org\/wp-content\/uploads\/2025\/05\/gip_3704.jpg-2048x1364.webp 2048w\" sizes=\"auto, (max-width: 1024px) 100vw, 1024px\" \/><\/figure>","protected":false},"excerpt":{"rendered":"<p>On Friday, April 18, we hosted our 66th Annual Good Friday Breakfast at the Westin Bonaventure Hotel in Downtown Los Angeles. The Good Friday Breakfast is an LA Y tradition where we gather to celebrate the season of renewal, hope, and join together in unity. It offers us a chance to pause and reflect, gathering [&hellip;]<\/p>\n","protected":false},"author":1,"featured_media":826,"comment_status":"open","ping_status":"closed","sticky":false,"template":"","format":"standard","meta":{"_acf_changed":false,"iawp_total_views":96,"footnotes":""},"categories":[1],"tags":[],"class_list":["post-825","post","type-post","status-publish","format-standard","has-post-thumbnail","hentry","category-blog"],"acf":[],"_links":{"self":[{"href":"https:\/\/www.ymcala.org\/es\/wp-json\/wp\/v2\/posts\/825","targetHints":{"allow":["GET"]}}],"collection":[{"href":"https:\/\/www.ymcala.org\/es\/wp-json\/wp\/v2\/posts"}],"about":[{"href":"https:\/\/www.ymcala.org\/es\/wp-json\/wp\/v2\/types\/post"}],"author":[{"embeddable":true,"href":"https:\/\/www.ymcala.org\/es\/wp-json\/wp\/v2\/users\/1"}],"replies":[{"embeddable":true,"href":"https:\/\/www.ymcala.org\/es\/wp-json\/wp\/v2\/comments?post=825"}],"version-history":[{"count":3,"href":"https:\/\/www.ymcala.org\/es\/wp-json\/wp\/v2\/posts\/825\/revisions"}],"predecessor-version":[{"id":1700,"href":"https:\/\/www.ymcala.org\/es\/wp-json\/wp\/v2\/posts\/825\/revisions\/1700"}],"wp:featuredmedia":[{"embeddable":true,"href":"https:\/\/www.ymcala.org\/es\/wp-json\/wp\/v2\/media\/826"}],"wp:attachment":[{"href":"https:\/\/www.ymcala.org\/es\/wp-json\/wp\/v2\/media?parent=825"}],"wp:term":[{"taxonomy":"category","embeddable":true,"href":"https:\/\/www.ymcala.org\/es\/wp-json\/wp\/v2\/categories?post=825"},{"taxonomy":"post_tag","embeddable":true,"href":"https:\/\/www.ymcala.org\/es\/wp-json\/wp\/v2\/tags?post=825"}],"curies":[{"name":"wp","href":"https:\/\/api.w.org\/{rel}","templated":true}]}}